{"id":4151,"date":"2025-11-19T12:53:05","date_gmt":"2025-11-19T07:23:05","guid":{"rendered":"https:\/\/consmumbai.esteri.it\/?p=4151"},"modified":"2025-11-19T12:56:07","modified_gmt":"2025-11-19T07:26:07","slug":"commemorazione-dei-prigionieri-di-guerra-italiani-deportati-in-india-durante-la-seconda-guerra-mondiale-nel-sacrario-militare","status":"publish","type":"post","link":"https:\/\/consmumbai.esteri.it\/it\/news\/dal_consolato\/2025\/11\/commemorazione-dei-prigionieri-di-guerra-italiani-deportati-in-india-durante-la-seconda-guerra-mondiale-nel-sacrario-militare\/","title":{"rendered":"Commemorazione dei prigionieri di guerra italiani deportati in India durante la Seconda Guerra Mondiale nel Sacrario Militare"},"content":{"rendered":"<p style=\"text-align: justify;\">La collettivit\u00e0 italiana di Mumbai si \u00e8 riunita questa mattina al <strong>Cimitero Cristiano di Sewri<\/strong> per la tradizionale funzione di commemorazione dei prigionieri di guerra italiani deportati in India durante la <strong>Seconda Guerra Mondiale<\/strong>.<\/p>\n<p style=\"text-align: justify;\">La celebrazione, officiata da Padre EdCarlos Celestino Martins e da Padre Mateus, ha avuto luogo nel <strong>Sacrario Militare<\/strong> che il Ministero della Difesa ha fatto costruire nel 1954 e che \u00e8 stato recentemente restaurato dal Consolato Generale d\u2019Italia a Mumbai.<\/p>\n<p style=\"text-align: justify;\">Al centro della commemorazione le <strong>persone<\/strong>, oltre che soldati, e il dramma della prigionia, ma anche le opportunit\u00e0 di dialogo e cooperazione che si aprirono fra Italiani e Indiani<\/p>\n<p style=\"text-align: justify;\">Nel suo discorso, il <strong>Console Generale Walter Ferrara<\/strong> ha sottolineato l\u2019importanza di questa giornata per mantenere viva la <strong>memoria<\/strong>. \u201cIn questo momento storico, in cui l\u2019umanit\u00e0 sembra dimenticarsi gli errori del passato, \u00e8 pi\u00f9 importante che mai ricordare. La memoria \u00e8 come un giardino. Deve essere coltivata, custodita per evitare che il tempo e l\u2019incuria facciano sbiadire i nomi sulle lapidi e cancellino i ricordi\u201d.<\/p>\n","protected":false},"excerpt":{"rendered":"La collettivit\u00e0 italiana di Mumbai si \u00e8 riunita questa mattina al Cimitero Cristiano di Sewri per la tradizionale funzione di commemorazione dei prigionieri di guerra italiani deportati in India durante la Seconda Guerra Mondiale. La celebrazione, officiata da Padre EdCarlos Celestino Martins e da Padre Mateus, ha avuto luogo nel Sacrario Militare che il Ministero [&hellip;]","protected":false},"author":18,"featured_media":4152,"comment_status":"closed","ping_status":"closed","sticky":false,"template":"","format":"standard","meta":{"footnotes":""},"tags":[23],"class_list":["post-4151","post","type-post","status-publish","format-standard","has-post-thumbnail","hentry","tag-italiani-nel-mondo"],"_links":{"self":[{"href":"https:\/\/consmumbai.esteri.it\/it\/wp-json\/wp\/v2\/posts\/4151","targetHints":{"allow":["GET"]}}],"collection":[{"href":"https:\/\/consmumbai.esteri.it\/it\/wp-json\/wp\/v2\/posts"}],"about":[{"href":"https:\/\/consmumbai.esteri.it\/it\/wp-json\/wp\/v2\/types\/post"}],"author":[{"embeddable":true,"href":"https:\/\/consmumbai.esteri.it\/it\/wp-json\/wp\/v2\/users\/18"}],"replies":[{"embeddable":true,"href":"https:\/\/consmumbai.esteri.it\/it\/wp-json\/wp\/v2\/comments?post=4151"}],"version-history":[{"count":3,"href":"https:\/\/consmumbai.esteri.it\/it\/wp-json\/wp\/v2\/posts\/4151\/revisions"}],"predecessor-version":[{"id":4169,"href":"https:\/\/consmumbai.esteri.it\/it\/wp-json\/wp\/v2\/posts\/4151\/revisions\/4169"}],"wp:featuredmedia":[{"embeddable":true,"href":"https:\/\/consmumbai.esteri.it\/it\/wp-json\/wp\/v2\/media\/4152"}],"wp:attachment":[{"href":"https:\/\/consmumbai.esteri.it\/it\/wp-json\/wp\/v2\/media?parent=4151"}],"wp:term":[{"taxonomy":"post_tag","embeddable":true,"href":"https:\/\/consmumbai.esteri.it\/it\/wp-json\/wp\/v2\/tags?post=4151"}],"curies":[{"name":"wp","href":"https:\/\/api.w.org\/{rel}","templated":true}]}}